{"id":227,"date":"2022-03-08T16:52:21","date_gmt":"2022-03-08T16:52:21","guid":{"rendered":"https:\/\/epmundo.com\/2017\/2022\/03\/08\/loable-labor-inclusion-laboral-a-jovenes-con-necesidades-especiales\/"},"modified":"2022-03-08T16:48:50","modified_gmt":"2022-03-08T20:48:50","slug":"loable-labor-inclusion-laboral-a-jovenes-con-necesidades-especiales","status":"publish","type":"post","link":"https:\/\/epmundo.com\/2017\/loable-labor-inclusion-laboral-a-jovenes-con-necesidades-especiales\/","title":{"rendered":"\u00a1Loable labor! Inclusi\u00f3n laboral a j\u00f3venes con necesidades especiales"},"content":{"rendered":"<p>Definitivamente el trabajo es la forma mas digna que cualquier persona tiene para ser productivo, sustentarse y sustentar a su familia, sin embargo para nadie es un secreto el reto que esto representa para personas que padecen alguna limitaci\u00f3n f\u00edsica.<\/p>\n<p>Hay quienes se dedican a la inclusi\u00f3n de personas con discapacidades en el \u00e1mbito laboral como el <a href=\"http:\/\/laborplus.org\/\" target=\"_blank\" rel=\"noopener noreferrer\"><strong>centro especial de empleo Madrid <\/strong><\/a>brind\u00e1ndoles una calidad de vida mejor, con diferentes maneras de superar obst\u00e1culos y dificultades que lo ayudaran a prepararse, para asumir funciones en un puesto de trabajo personalizado donde pueda desarrollar y aplicar sus habilidades m\u00e1s notorias y profesionales.<\/p>\n<p>Tomando como ejemplo el objetivo de este <a href=\"http:\/\/laborplus.org\/bolsa-de-trabajo\/\" target=\"_blank\" rel=\"noopener noreferrer\"><strong>centro especial de empleo Madrid<\/strong><\/a> podemos apreciar c\u00f3mo se obtiene la integraci\u00f3n aun por sus discapacidades de \u00edndole f\u00edsica, intelectual, sensorial entre otras, \u00a0al entorno social de la comunidad de Madrid con proyecci\u00f3n nacional.<\/p>\n<p>Con el objetivo de dar permanencia en el trabajo y la determinaci\u00f3n de impulsar las personas con discapacidades as\u00ed como de alcanzar un nivel de competitividad, este centro ha creado t\u00e9cnicas de adaptaci\u00f3n naturales a personas con este perfil, que permiten fortalecer sus habilidades y destrezas, favoreci\u00e9ndolos desde el punto de vista profesional y benefici\u00e1ndose en la medida de sus esfuerzos a trav\u00e9s de una remuneraci\u00f3n monetaria.<\/p>\n<p>Es admirable como este centro le ha dedicado todo sus esfuerzos a esta tarea que se la ha tomado realmente a pecho y gracias a ese noble inter\u00e9s, de empalmar los ofrecimientos de unos con las necesidades de otros ha dado un estilo de vida diferente para tantas personas que no se esperaban que podr\u00edan superar sus impedimentos jam\u00e1s.<\/p>\n<p>En cuanto a como lo logra, podemos decir que lo hace a\u00a0 trav\u00e9s de una planificaci\u00f3n previamente organizada, que comienza con la realizaci\u00f3n de una selecci\u00f3n del individuo para continuar luego con su capacitaci\u00f3n, la cual debe engranar perfectamente con un puesto de trabajo de alguna vacante ofrecida por cualquiera de las empresas previamente identificadas como colaboradoras.<\/p>\n<p>Al momento de ejercer la b\u00fasqueda de empleo en una de estas empresas colaboradoras y ubicar la empresa que lo recibir\u00e1, paralelamente firmara su contrataci\u00f3n igual como cualquier empleado de la plantilla. Este es un invaluable servicio que hay que reconocer como la mejor parte de sus objetivos, encontrar la compatibilidad entre diversidad de empresas con esta disposici\u00f3n y la formaci\u00f3n profesional, habilidades y preparaci\u00f3n de personas desempleadas con este perfil, es digno de elogios.<\/p>\n<p>Pero no todo termina all\u00ed, tambi\u00e9n se practica una constante evaluaci\u00f3n y supervisi\u00f3n de la adaptaci\u00f3n del empleado para completar su ciclo de integraci\u00f3n social. Finalmente, el objetivo ser\u00e1 alcanzado y servir\u00e1 como estimulo para impulsar a otros a seguir ejemplo a nivel mundial.<\/p>\n<p>Esto es una relaci\u00f3n donde todos salen beneficiados, puesto que hasta a la misma empresa ser\u00e1 gratificada con financiaciones y ayudas de proyectos generadores de empleo, por cada puesto de trabajo creado por ella adem\u00e1s de la producci\u00f3n.<\/p>\n<p>Sin lugar a dudas esta es la alternativa ideal para j\u00f3venes discapacitados que aun poseen potencial en otras \u00e1reas, donde pueden desenvolverse y ser eficaces tanto como competitivos, de all\u00ed la importancia del centro especial de empleo Madrid que se ocupa de brindarles toda la asesor\u00eda laboral y orientaci\u00f3n como futuro empleado adem\u00e1s de una completa asesor\u00eda t\u00e9cnica tanto como legal.<\/p>\n","protected":false},"excerpt":{"rendered":"<p>Definitivamente el trabajo es la forma mas digna que cualquier persona tiene para ser productivo, sustentarse y sustentar a su familia, sin embargo para nadie es un secreto el reto que esto representa para personas que padecen alguna limitaci\u00f3n f\u00edsica. Hay quienes se dedican a la inclusi\u00f3n de personas con discapacidades en el \u00e1mbito laboral [&hellip;]<\/p>\n","protected":false},"author":2,"featured_media":0,"comment_status":"closed","ping_status":"closed","sticky":false,"template":"","format":"standard","meta":{"footnotes":""},"categories":[1],"tags":[],"class_list":{"0":"post-227","1":"post","2":"type-post","3":"status-publish","4":"format-standard","6":"category-sociales"},"_links":{"self":[{"href":"https:\/\/epmundo.com\/2017\/wp-json\/wp\/v2\/posts\/227","targetHints":{"allow":["GET"]}}],"collection":[{"href":"https:\/\/epmundo.com\/2017\/wp-json\/wp\/v2\/posts"}],"about":[{"href":"https:\/\/epmundo.com\/2017\/wp-json\/wp\/v2\/types\/post"}],"author":[{"embeddable":true,"href":"https:\/\/epmundo.com\/2017\/wp-json\/wp\/v2\/users\/2"}],"replies":[{"embeddable":true,"href":"https:\/\/epmundo.com\/2017\/wp-json\/wp\/v2\/comments?post=227"}],"version-history":[{"count":0,"href":"https:\/\/epmundo.com\/2017\/wp-json\/wp\/v2\/posts\/227\/revisions"}],"wp:attachment":[{"href":"https:\/\/epmundo.com\/2017\/wp-json\/wp\/v2\/media?parent=227"}],"wp:term":[{"taxonomy":"category","embeddable":true,"href":"https:\/\/epmundo.com\/2017\/wp-json\/wp\/v2\/categories?post=227"},{"taxonomy":"post_tag","embeddable":true,"href":"https:\/\/epmundo.com\/2017\/wp-json\/wp\/v2\/tags?post=227"}],"curies":[{"name":"wp","href":"https:\/\/api.w.org\/{rel}","templated":true}]}}